[{"@context":"https:\/\/schema.org\/","@type":"Article","@id":"https:\/\/montep.cz\/cestovani-je-vsem-na-dosah\/#Article","mainEntityOfPage":"https:\/\/montep.cz\/cestovani-je-vsem-na-dosah\/","headline":"Cestov\u00e1n\u00ed je v\u0161em na dosah","name":"Cestov\u00e1n\u00ed je v\u0161em na dosah","description":"A\u0165 u\u017e jste v dobr\u00e9 fyzick\u00e9 kondici, nebo m\u00e1te mnoho sv\u00fdch kon\u00ed\u010dk\u016f, ur\u010dit\u011b v\u00e1m chyb\u00ed ve va\u0161em pokro\u010dilej\u0161\u00edm v\u011bku cestov\u00e1n\u00ed. Pr\u00e1v\u011b cestov\u00e1n\u00ed je opravdu d\u016fle\u017eitou \u010dinnost\u00ed v\u0161ech, kte\u0159\u00ed si cht\u011bj\u00ed sv\u016fj \u017eivot u\u017e\u00edt naplno. Pokud jste nestihli za sv\u016fj \u017eivot poznat m\u00edsta, kter\u00e1 se v\u00e1m v\u017edy z obr\u00e1zk\u016f l\u00edbila, nev\u00e1hejte to napravit nyn\u00ed. D\u00edky pobyt\u016fm pro seniory v\u00e1m bude v\u0161e &hellip; ","datePublished":"2025-08-26","dateModified":"2025-08-26","author":{"@type":"Person","@id":"https:\/\/montep.cz\/author\/#Person","name":"","url":"https:\/\/montep.cz\/author\/","identifier":1,"image":{"@type":"ImageObject","@id":"https:\/\/secure.gravatar.com\/avatar\/29b4b7cf61bc7f4a3cff4e7146cbe3cb?s=96&d=mm&r=g","url":"https:\/\/secure.gravatar.com\/avatar\/29b4b7cf61bc7f4a3cff4e7146cbe3cb?s=96&d=mm&r=g","height":96,"width":96}},"publisher":{"@type":"Organization","name":"montep.cz","logo":{"@type":"ImageObject","@id":"\/logo.png","url":"\/logo.png","width":600,"height":60}},"url":"https:\/\/montep.cz\/cestovani-je-vsem-na-dosah\/","wordCount":269,"articleBody":"A\u0165 u\u017e jste v dobr\u00e9 fyzick\u00e9 kondici, nebo m\u00e1te mnoho sv\u00fdch kon\u00ed\u010dk\u016f, ur\u010dit\u011b v\u00e1m chyb\u00ed ve va\u0161em pokro\u010dilej\u0161\u00edm v\u011bku cestov\u00e1n\u00ed. Pr\u00e1v\u011b cestov\u00e1n\u00ed je opravdu d\u016fle\u017eitou \u010dinnost\u00ed v\u0161ech, kte\u0159\u00ed si cht\u011bj\u00ed sv\u016fj \u017eivot u\u017e\u00edt naplno. Pokud jste nestihli za sv\u016fj \u017eivot poznat m\u00edsta, kter\u00e1 se v\u00e1m v\u017edy z obr\u00e1zk\u016f l\u00edbila, nev\u00e1hejte to napravit nyn\u00ed. D\u00edky pobyt\u016fm pro seniory v\u00e1m bude v\u0161e otev\u0159en\u00e9, a to za n\u00edzk\u00e9 ceny a n\u011bkdy dokonce dotovan\u00e9 od EU. Ano, tak dokonal\u00e9 to je, a tak je jenom na v\u00e1s, zdali t\u00e9to b\u00e1je\u010dn\u00e9 mo\u017enosti vyu\u017eijete a dop\u0159ejte si n\u011bco skv\u011bl\u00e9ho. Nen\u00ed to nic n\u00e1ro\u010dn\u00e9ho Jet k mo\u0159i, do l\u00e1zn\u00ed, nebo t\u0159eba na t\u00fddenn\u00ed dovolenou v hor\u00e1ch, je v dne\u0161n\u00ed dob\u011b opravdu hra\u010dka. Jen si sta\u010d\u00ed naj\u00edt m\u00edsto, kter\u00e9 se v\u00e1m l\u00edb\u00ed a pot\u00e9 si u\u017e jen u\u017e\u00edt skv\u011bl\u00e9ho pobytu, na kter\u00e9m se nebudete muset n\u011bjak omezovat. Cestovat a pozn\u00e1vat sv\u011bt je dokonal\u00e9, a pro ty, kter\u00fdm se tato \u010dinnost l\u00edb\u00ed tak\u00e9, jsou ur\u010deny r\u016fzn\u00e9 z\u00e1jezdy a podobn\u011b. Jestli\u017ee chcete poznat sv\u011bt i vy, a to i p\u0159es to, v jak\u00e9m jste v\u011bku, najd\u011bte si z\u00e1jezdy pro seniory, mezi kter\u00fdmi ji\u017e najdete m\u00edsta, kter\u00e1 se v\u00e1m budou l\u00edbit.                                                                                                                                                                                                                                                                                                                                                                                                "},{"@context":"https:\/\/schema.org\/","@type":"BreadcrumbList","itemListElement":[{"@type":"ListItem","position":1,"name":"Cestov\u00e1n\u00ed je v\u0161em na dosah","item":"https:\/\/montep.cz\/cestovani-je-vsem-na-dosah\/#breadcrumbitem"}]}]