[{"@context":"https:\/\/schema.org\/","@type":"Article","@id":"https:\/\/montep.cz\/co-spojuje\/#Article","mainEntityOfPage":"https:\/\/montep.cz\/co-spojuje\/","headline":"Co spojuje?","name":"Co spojuje?","description":"Zaj\u00edm\u00e1 v\u00e1s, co spojuje Ag\u00e1tu Hanychovou, Janu Dole\u017ealovou a Renatu Kajd\u017eas? Netu\u0161\u00edte? Krom\u011b toho, \u017ee jsou to celebrity, kter\u00e9 na ka\u017ed\u00e9m kroku sleduj\u00ed paparazzi, je spojuje je\u0161t\u011b jedna v\u011bc. A tou je jejich kr\u00e1sn\u00e1 a bohat\u00e1 h\u0159\u00edva. Mysleli jste si, \u017ee jim byla d\u00e1na do v\u00ednku od p\u0159\u00edrody? Nenechte se m\u00fdlit. V\u0161echny tyto celebrity toti\u017e pat\u0159\u00ed mezi z\u00e1kaznice na\u0161eho salonu &hellip; ","datePublished":"2025-08-02","dateModified":"2025-08-02","author":{"@type":"Person","@id":"https:\/\/montep.cz\/author\/#Person","name":"","url":"https:\/\/montep.cz\/author\/","identifier":1,"image":{"@type":"ImageObject","@id":"https:\/\/secure.gravatar.com\/avatar\/29b4b7cf61bc7f4a3cff4e7146cbe3cb?s=96&d=mm&r=g","url":"https:\/\/secure.gravatar.com\/avatar\/29b4b7cf61bc7f4a3cff4e7146cbe3cb?s=96&d=mm&r=g","height":96,"width":96}},"publisher":{"@type":"Organization","name":"montep.cz","logo":{"@type":"ImageObject","@id":"\/logo.png","url":"\/logo.png","width":600,"height":60}},"url":"https:\/\/montep.cz\/co-spojuje\/","wordCount":169,"articleBody":" Zaj\u00edm\u00e1 v\u00e1s, co spojuje Ag\u00e1tu Hanychovou, Janu Dole\u017ealovou a Renatu Kajd\u017eas? Netu\u0161\u00edte? Krom\u011b toho, \u017ee jsou to celebrity, kter\u00e9 na ka\u017ed\u00e9m kroku sleduj\u00ed paparazzi, je spojuje je\u0161t\u011b jedna v\u011bc. A tou je jejich kr\u00e1sn\u00e1 a bohat\u00e1 h\u0159\u00edva. Mysleli jste si, \u017ee jim byla d\u00e1na do v\u00ednku od p\u0159\u00edrody? Nenechte se m\u00fdlit. V\u0161echny tyto celebrity toti\u017e pat\u0159\u00ed mezi z\u00e1kaznice na\u0161eho salonu Naturhair.cz, kter\u00fd se zab\u00fdv\u00e1 tak\u00e9 prodlu\u017eov\u00e1n\u00edm vlas\u016f Praha. Tak\u00e9 po nich tou\u017e\u00edte? Pokud i vy tou\u017e\u00edte po kr\u00e1sn\u00fdch, dlouh\u00fdch a z\u00e1\u0159iv\u00fdch lokn\u00e1ch nev\u00e1hejte a objednejte se k n\u00e1m. Va\u0161e h\u0159\u00edva bude tak oslniv\u00e1, \u017ee z toho budou v\u0161ichni paf. U n\u00e1s odv\u00e1d\u00edme jen tu nejkvalitn\u011bj\u0161\u00ed a nejprofesion\u00e1ln\u011bj\u0161\u00ed pr\u00e1ci. Na na\u0161e slu\u017eby je spolehnut\u00ed. Vyberte si z mnoha metod, kter\u00e9 n\u00e1\u0161 salon nab\u00edz\u00ed.                                                                                                                                                                                                                                                                                                                                                                                                 "},{"@context":"https:\/\/schema.org\/","@type":"BreadcrumbList","itemListElement":[{"@type":"ListItem","position":1,"name":"Co spojuje?","item":"https:\/\/montep.cz\/co-spojuje\/#breadcrumbitem"}]}]