[{"@context":"https:\/\/schema.org\/","@type":"Blog","@id":"https:\/\/montep.cz#Blog","headline":"Montep group","description":"\nNen\u00ed nad to, kdy\u017e \u010dlov\u011bk v\u00ed, kde najde v\u00a0p\u0159\u00edpad\u011b nouze pomocn\u00edky. A pokud to n\u011bkdo z\u00a0v\u00e1s t\u0159eba nev\u00ed, lze mu doporu\u010dit, aby to zkusil na tomto webu.","url":"https:\/\/montep.cz","hasPart":[{"@type":"Article","@id":"https:\/\/montep.cz\/shanite-auto\/","headline":"Sh\u00e1n\u00edte auto?","url":"https:\/\/montep.cz\/shanite-auto\/","datePublished":"2026-03-01","dateModified":"2026-03-01","mainEntityOfPage":"https:\/\/montep.cz\/shanite-auto\/","author":{"@type":"Person","@id":"https:\/\/montep.cz\/author\/#Person","name":"","url":"https:\/\/montep.cz\/author\/","identifier":1,"image":{"@type":"ImageObject","@id":"https:\/\/secure.gravatar.com\/avatar\/29b4b7cf61bc7f4a3cff4e7146cbe3cb?s=96&d=mm&r=g","url":"https:\/\/secure.gravatar.com\/avatar\/29b4b7cf61bc7f4a3cff4e7146cbe3cb?s=96&d=mm&r=g","height":96,"width":96}},"publisher":{"@type":"Organization","name":"montep.cz","logo":{"@type":"ImageObject","@id":"\/logo.png","url":"\/logo.png","width":600,"height":60}},"image":{"@type":"ImageObject","@id":"https:\/\/montep.cz\/wp-content\/uploads\/a_10_10_10_10_10_10_8.jpg","url":"https:\/\/montep.cz\/wp-content\/uploads\/a_10_10_10_10_10_10_8.jpg","height":0,"width":0},"wordCount":658,"keywords":null},{"@type":"Article","@id":"https:\/\/montep.cz\/nepodcenujte-pripravu-pred-nastupem-na-vysokou-skolu\/","headline":"Nepodce\u0148ujte p\u0159\u00edpravu p\u0159ed n\u00e1stupem na vysokou \u0161kolu","url":"https:\/\/montep.cz\/nepodcenujte-pripravu-pred-nastupem-na-vysokou-skolu\/","datePublished":"2026-02-28","dateModified":"2026-02-28","mainEntityOfPage":"https:\/\/montep.cz\/nepodcenujte-pripravu-pred-nastupem-na-vysokou-skolu\/","author":{"@type":"Person","@id":"https:\/\/montep.cz\/author\/#Person","name":"","url":"https:\/\/montep.cz\/author\/","identifier":1,"image":{"@type":"ImageObject","@id":"https:\/\/secure.gravatar.com\/avatar\/29b4b7cf61bc7f4a3cff4e7146cbe3cb?s=96&d=mm&r=g","url":"https:\/\/secure.gravatar.com\/avatar\/29b4b7cf61bc7f4a3cff4e7146cbe3cb?s=96&d=mm&r=g","height":96,"width":96}},"publisher":{"@type":"Organization","name":"montep.cz","logo":{"@type":"ImageObject","@id":"\/logo.png","url":"\/logo.png","width":600,"height":60}},"image":{"@type":"ImageObject","@id":"https:\/\/montep.cz\/wp-content\/uploads\/img_a291974_w2257_t1504200673.jpg","url":"https:\/\/montep.cz\/wp-content\/uploads\/img_a291974_w2257_t1504200673.jpg","height":0,"width":0},"wordCount":592,"keywords":null},{"@type":"Article","@id":"https:\/\/montep.cz\/stridava-pece\/","headline":"St\u0159\u00eddav\u00e1 p\u00e9\u010de","url":"https:\/\/montep.cz\/stridava-pece\/","datePublished":"2026-02-25","dateModified":"2026-02-25","mainEntityOfPage":"https:\/\/montep.cz\/stridava-pece\/","author":{"@type":"Person","@id":"https:\/\/montep.cz\/author\/#Person","name":"","url":"https:\/\/montep.cz\/author\/","identifier":1,"image":{"@type":"ImageObject","@id":"https:\/\/secure.gravatar.com\/avatar\/29b4b7cf61bc7f4a3cff4e7146cbe3cb?s=96&d=mm&r=g","url":"https:\/\/secure.gravatar.com\/avatar\/29b4b7cf61bc7f4a3cff4e7146cbe3cb?s=96&d=mm&r=g","height":96,"width":96}},"publisher":{"@type":"Organization","name":"montep.cz","logo":{"@type":"ImageObject","@id":"\/logo.png","url":"\/logo.png","width":600,"height":60}},"image":{"@type":"ImageObject","@id":"https:\/\/montep.cz\/wp-content\/uploads\/img_a330134_w2702_t1542707460.jpg","url":"https:\/\/montep.cz\/wp-content\/uploads\/img_a330134_w2702_t1542707460.jpg","height":0,"width":0},"wordCount":588,"keywords":null},{"@type":"Article","@id":"https:\/\/montep.cz\/flirtovani-vs-zadani-na-co-si-dat-pozor\/","headline":"Flirtov\u00e1n\u00ed vs. zadan\u00ed \u2013 na co si d\u00e1t pozor?","url":"https:\/\/montep.cz\/flirtovani-vs-zadani-na-co-si-dat-pozor\/","datePublished":"2026-02-25","dateModified":"2026-02-25","mainEntityOfPage":"https:\/\/montep.cz\/flirtovani-vs-zadani-na-co-si-dat-pozor\/","author":{"@type":"Person","@id":"https:\/\/montep.cz\/author\/#Person","name":"","url":"https:\/\/montep.cz\/author\/","identifier":1,"image":{"@type":"ImageObject","@id":"https:\/\/secure.gravatar.com\/avatar\/29b4b7cf61bc7f4a3cff4e7146cbe3cb?s=96&d=mm&r=g","url":"https:\/\/secure.gravatar.com\/avatar\/29b4b7cf61bc7f4a3cff4e7146cbe3cb?s=96&d=mm&r=g","height":96,"width":96}},"publisher":{"@type":"Organization","name":"montep.cz","logo":{"@type":"ImageObject","@id":"\/logo.png","url":"\/logo.png","width":600,"height":60}},"image":{"@type":"ImageObject","@id":"https:\/\/montep.cz\/wp-content\/uploads\/img_a342260_w2740_t1555146666.jpg","url":"https:\/\/montep.cz\/wp-content\/uploads\/img_a342260_w2740_t1555146666.jpg","height":0,"width":0},"wordCount":539,"keywords":null},{"@type":"Article","@id":"https:\/\/montep.cz\/volba-obleceni\/","headline":"Volba oble\u010den\u00ed","url":"https:\/\/montep.cz\/volba-obleceni\/","datePublished":"2026-02-20","dateModified":"2026-02-20","mainEntityOfPage":"https:\/\/montep.cz\/volba-obleceni\/","author":{"@type":"Person","@id":"https:\/\/montep.cz\/author\/#Person","name":"","url":"https:\/\/montep.cz\/author\/","identifier":1,"image":{"@type":"ImageObject","@id":"https:\/\/secure.gravatar.com\/avatar\/29b4b7cf61bc7f4a3cff4e7146cbe3cb?s=96&d=mm&r=g","url":"https:\/\/secure.gravatar.com\/avatar\/29b4b7cf61bc7f4a3cff4e7146cbe3cb?s=96&d=mm&r=g","height":96,"width":96}},"publisher":{"@type":"Organization","name":"montep.cz","logo":{"@type":"ImageObject","@id":"\/logo.png","url":"\/logo.png","width":600,"height":60}},"image":{"@type":"ImageObject","@id":"https:\/\/montep.cz\/wp-content\/uploads\/clangs-trousers-2685231_640_1.jpg","url":"https:\/\/montep.cz\/wp-content\/uploads\/clangs-trousers-2685231_640_1.jpg","height":0,"width":0},"wordCount":482,"keywords":null},{"@type":"Article","@id":"https:\/\/montep.cz\/mesicek-lekarsky-jako-caj-mast-nebo-tinktura\/","headline":"M\u011bs\u00ed\u010dek l\u00e9ka\u0159sk\u00fd jako \u010daj, mast nebo tinktura","url":"https:\/\/montep.cz\/mesicek-lekarsky-jako-caj-mast-nebo-tinktura\/","datePublished":"2026-02-18","dateModified":"2026-02-18","mainEntityOfPage":"https:\/\/montep.cz\/mesicek-lekarsky-jako-caj-mast-nebo-tinktura\/","author":{"@type":"Person","@id":"https:\/\/montep.cz\/author\/#Person","name":"","url":"https:\/\/montep.cz\/author\/","identifier":1,"image":{"@type":"ImageObject","@id":"https:\/\/secure.gravatar.com\/avatar\/29b4b7cf61bc7f4a3cff4e7146cbe3cb?s=96&d=mm&r=g","url":"https:\/\/secure.gravatar.com\/avatar\/29b4b7cf61bc7f4a3cff4e7146cbe3cb?s=96&d=mm&r=g","height":96,"width":96}},"publisher":{"@type":"Organization","name":"montep.cz","logo":{"@type":"ImageObject","@id":"\/logo.png","url":"\/logo.png","width":600,"height":60}},"image":{"@type":"ImageObject","@id":"https:\/\/montep.cz\/wp-content\/uploads\/julia-kwiek-2j8X-RpB1sM-unsplash_2.jpg","url":"https:\/\/montep.cz\/wp-content\/uploads\/julia-kwiek-2j8X-RpB1sM-unsplash_2.jpg","height":0,"width":0},"wordCount":829,"keywords":null},{"@type":"Article","@id":"https:\/\/montep.cz\/lide-se-stehuji\/","headline":"Lid\u00e9 se st\u011bhuj\u00ed","url":"https:\/\/montep.cz\/lide-se-stehuji\/","datePublished":"2026-02-15","dateModified":"2026-02-15","mainEntityOfPage":"https:\/\/montep.cz\/lide-se-stehuji\/","author":{"@type":"Person","@id":"https:\/\/montep.cz\/author\/#Person","name":"","url":"https:\/\/montep.cz\/author\/","identifier":1,"image":{"@type":"ImageObject","@id":"https:\/\/secure.gravatar.com\/avatar\/29b4b7cf61bc7f4a3cff4e7146cbe3cb?s=96&d=mm&r=g","url":"https:\/\/secure.gravatar.com\/avatar\/29b4b7cf61bc7f4a3cff4e7146cbe3cb?s=96&d=mm&r=g","height":96,"width":96}},"publisher":{"@type":"Organization","name":"montep.cz","logo":{"@type":"ImageObject","@id":"\/logo.png","url":"\/logo.png","width":600,"height":60}},"image":{"@type":"ImageObject","@id":"https:\/\/montep.cz\/wp-content\/uploads\/ss_10_10_10_10_10_10_10_10_10_10_10_5.jpg","url":"https:\/\/montep.cz\/wp-content\/uploads\/ss_10_10_10_10_10_10_10_10_10_10_10_5.jpg","height":0,"width":0},"wordCount":659,"keywords":null},{"@type":"Article","@id":"https:\/\/montep.cz\/stehovani-do-teplych-krajin\/","headline":"St\u011bhov\u00e1n\u00ed do tepl\u00fdch krajin","url":"https:\/\/montep.cz\/stehovani-do-teplych-krajin\/","datePublished":"2026-02-13","dateModified":"2026-02-13","mainEntityOfPage":"https:\/\/montep.cz\/stehovani-do-teplych-krajin\/","author":{"@type":"Person","@id":"https:\/\/montep.cz\/author\/#Person","name":"","url":"https:\/\/montep.cz\/author\/","identifier":1,"image":{"@type":"ImageObject","@id":"https:\/\/secure.gravatar.com\/avatar\/29b4b7cf61bc7f4a3cff4e7146cbe3cb?s=96&d=mm&r=g","url":"https:\/\/secure.gravatar.com\/avatar\/29b4b7cf61bc7f4a3cff4e7146cbe3cb?s=96&d=mm&r=g","height":96,"width":96}},"publisher":{"@type":"Organization","name":"montep.cz","logo":{"@type":"ImageObject","@id":"\/logo.png","url":"\/logo.png","width":600,"height":60}},"image":{"@type":"ImageObject","@id":"https:\/\/montep.cz\/wp-content\/uploads\/msaeedsalem-box-2484376_640_4.png","url":"https:\/\/montep.cz\/wp-content\/uploads\/msaeedsalem-box-2484376_640_4.png","height":0,"width":0},"wordCount":607,"keywords":null},{"@type":"Article","@id":"https:\/\/montep.cz\/auto-na-splatky\/","headline":"Auto na spl\u00e1tky","url":"https:\/\/montep.cz\/auto-na-splatky\/","datePublished":"2026-02-12","dateModified":"2026-02-12","mainEntityOfPage":"https:\/\/montep.cz\/auto-na-splatky\/","author":{"@type":"Person","@id":"https:\/\/montep.cz\/author\/#Person","name":"","url":"https:\/\/montep.cz\/author\/","identifier":1,"image":{"@type":"ImageObject","@id":"https:\/\/secure.gravatar.com\/avatar\/29b4b7cf61bc7f4a3cff4e7146cbe3cb?s=96&d=mm&r=g","url":"https:\/\/secure.gravatar.com\/avatar\/29b4b7cf61bc7f4a3cff4e7146cbe3cb?s=96&d=mm&r=g","height":96,"width":96}},"publisher":{"@type":"Organization","name":"montep.cz","logo":{"@type":"ImageObject","@id":"\/logo.png","url":"\/logo.png","width":600,"height":60}},"image":{"@type":"ImageObject","@id":"https:\/\/montep.cz\/wp-content\/uploads\/akbarnemati-bmw-m3-7325183_640.jpg","url":"https:\/\/montep.cz\/wp-content\/uploads\/akbarnemati-bmw-m3-7325183_640.jpg","height":0,"width":0},"wordCount":626,"keywords":null},{"@type":"Article","@id":"https:\/\/montep.cz\/veci-kolem-bazenu\/","headline":"V\u011bci kolem baz\u00e9nu","url":"https:\/\/montep.cz\/veci-kolem-bazenu\/","datePublished":"2026-02-11","dateModified":"2026-02-11","mainEntityOfPage":"https:\/\/montep.cz\/veci-kolem-bazenu\/","author":{"@type":"Person","@id":"https:\/\/montep.cz\/author\/#Person","name":"","url":"https:\/\/montep.cz\/author\/","identifier":1,"image":{"@type":"ImageObject","@id":"https:\/\/secure.gravatar.com\/avatar\/29b4b7cf61bc7f4a3cff4e7146cbe3cb?s=96&d=mm&r=g","url":"https:\/\/secure.gravatar.com\/avatar\/29b4b7cf61bc7f4a3cff4e7146cbe3cb?s=96&d=mm&r=g","height":96,"width":96}},"publisher":{"@type":"Organization","name":"montep.cz","logo":{"@type":"ImageObject","@id":"\/logo.png","url":"\/logo.png","width":600,"height":60}},"image":{"@type":"ImageObject","@id":"https:\/\/montep.cz\/wp-content\/uploads\/pexels-markus-winkler-1430818-13472779_1.jpg","url":"https:\/\/montep.cz\/wp-content\/uploads\/pexels-markus-winkler-1430818-13472779_1.jpg","height":0,"width":0},"wordCount":643,"keywords":null}]},{"@context":"https:\/\/schema.org","@type":"WebSite","@id":"https:\/\/montep.cz\/#website","name":"Montep group","url":"https:\/\/montep.cz","potentialAction":{"@type":"SearchAction","target":"https:\/\/montep.cz\/?s={search_term_string}","query-input":"required name=search_term_string"}}]